{"data":[{"idsadvr":"ur13852","type":"Autre structure de recherche affili\u00e9e","typeTrad":[{"uid":"1","codeLangue":"eng","nom":"Other affiliated research structure"}],"nom":"Centre d'\u00e9tude de la for\u00eat","acronyme":"CEF","consentement":[{"unitesRecherche":[],"UdeM":[{"nom":"Vitrine de la recherche","statutConsentement":"1"}]}],"affichageWeb":[{"unitesRecherche":[],"UdeM":[{"nom":"Vitrine de la recherche","url":"https:\/\/recherche.umontreal.ca\/nos-chercheurs\/repertoire-des-unites-de-recherche\/unite\/is\/ur13852\/"}]}],"financements":[],"courriels":[{"categorie":"Personne contact","adresse":"lauzon.luc@uqam.ca"}],"telephones":[{"numero":"5149873000","poste":"4321","categorie":"Information"},{"numero":"5149874647","poste":"151461","categorie":"T\u00e9l\u00e9copieur"}],"presenceWeb":[{"idcategorie":"30","categorie":"Autre site web","url":"http:\/\/www.cef-cfr.ca\/"},{"idcategorie":"27","categorie":"Profil Facebook","url":"https:\/\/www.facebook.com\/CEF.CFR"},{"idcategorie":"23","categorie":"Compte twitter","url":"https:\/\/twitter.com\/CEF_CFR"}],"unitesRattachement":[{"departements":[{"codeSad":"0364","nom":"D\u00e9partement de sciences biologiques"}],"facultes":[],"unitesRechercheAffiliees":[{"uniteRechercheIdsadvr":"ur13686","nom":"Institut de recherche en biologie v\u00e9g\u00e9tale"}]}],"affiliations":[{"etablissementsAffilies":[],"etablissementsPartenaires":["Centre de recherche \u00e9cologique et applications foresti\u00e8res (CREAF)","Centre de Recherche Foresti\u00e8re de Catalogne (CTFC)","Laboratoire international associ\u00e9 sur les for\u00eats montagnardes et bor\u00e9ales (LIA MONTABOR)"],"collaborateurs":[],"etablissementsUniversitaires":[{"nom":"Universit\u00e9 du Qu\u00e9bec \u00e0 Rimouski"},{"nom":"Universit\u00e9 du Qu\u00e9bec \u00e0 Trois-Rivi\u00e8res"},{"nom":"Universit\u00e9 Laval"},{"nom":"Universit\u00e9 du Qu\u00e9bec \u00e0 Montr\u00e9al (UQAM)"}],"unitesRechercheHorsInstitution":[{"nom":"Institut forestier du Canada\/Canadian Institute of Forestry"}]}],"equipe":[{"responsables":[{"idsadvr":null,"prenom":"Louis","nom":"Bernier","fonction":"Codirecteur","profilExterne":{"url":"http:\/\/www.cef-cfr.ca\/index.php?n=Membres.LouisBernier"}},{"idsadvr":null,"prenom":"Pierre","nom":"Drapeau","fonction":"Codirecteur","profilExterne":{"url":"http:\/\/www.cef-cfr.ca\/index.php?n=Membres.PierreDrapeau"}},{"idsadvr":null,"prenom":"Luc","nom":"Lauzon","fonction":"Coordonnateur","profilExterne":{"url":"http:\/\/www.cef-cfr.ca\/index.php?n=Membres.LucLauzon"}}],"membres":[{"idsadvr":"in14722","prenom":"Jacques","nom":"Brisson","fonction":"Chercheur associ\u00e9"},{"idsadvr":"in15055","prenom":"Alain","nom":"Cogliastro","fonction":"Chercheur associ\u00e9"},{"idsadvr":"in15781","prenom":"Michel","nom":"Labrecque","fonction":"Chercheur associ\u00e9"},{"idsadvr":"in18874","prenom":"Sara","nom":"Teitelbaum","fonction":"Chercheur associ\u00e9"},{"idsadvr":"in18877","prenom":"Fran\u00e7ois","nom":"Girard","fonction":"Chercheur r\u00e9gulier"},{"idsadvr":"in18878","prenom":"Liliana","nom":"Perez","fonction":"Chercheur r\u00e9gulier"},{"idsadvr":"in18921","prenom":"Olivier","nom":"Blarquez","fonction":"Chercheur r\u00e9gulier"},{"idsadvr":"in18974","prenom":"Etienne","nom":"Lalibert\u00e9","fonction":"Chercheur r\u00e9gulier"},{"idsadvr":"in19362","prenom":"Patrick","nom":"James","fonction":"Chercheur r\u00e9gulier"},{"idsadvr":"in19369","prenom":"Oliver","nom":"Sonnentag","fonction":null},{"idsadvr":"in20855","prenom":"Simon","nom":"Legault","fonction":"\u00c9tudiant (Doctorat)"},{"idsadvr":"in21253","prenom":"M\u00e9lanie","nom":"Desrochers","fonction":null}],"personnelAdministratif":[],"comites":[{"nom":"Comit\u00e9 ex\u00e9cutif","membres":[]}],"organigrammes":[]}],"descriptionActivitesRecherche":[{"uid":null,"codeLangue":"fre","contenu":"<p>Le Centre d&#39;&eacute;tude de la for&ecirc;t int&egrave;gre les savoirs scientifiques afin de concevoir des strat&eacute;gies et des pratiques permettant de passer d&rsquo;une gestion sectorielle &agrave; une gestion &eacute;cosyst&eacute;mique des for&ecirc;ts (autant naturelles qu&#39;urbaines). La gestion des for&ecirc;ts au 21<sup>e<\/sup>&nbsp;si&egrave;cle doit aussi tenir compte de nouveaux ph&eacute;nom&egrave;nes: invasions biologiques, changements climatiques, fragmentation des habitats, etc.<\/p>\r\n\r\n<p>En r&eacute;ponse &agrave; ces d&eacute;fis, le CEF a pour&nbsp;<strong>mission scientifique<\/strong>&nbsp;de mieux comprendre le fonctionnement et la dynamique de la for&ecirc;t, les interactions entre ses composantes et leur biologie propre. Cela dans une perspective conciliant la conservation de la biodiversit&eacute; et l&#39;augmentation de la productivit&eacute; des essences commerciales.<\/p>\r\n\r\n<p><strong>La mission du CEF se traduit en 4 axes de recherche:<\/strong><\/p>"}],"axeRecherche":[{"nom":"Axe I: G\u00e9n\u00e9tique, \u00e9cologie mol\u00e9culaire et \u00e9cophysiologie","description":[{"codeLangue":"fre","contenu":"<p>Cet axe regroupe des &eacute;quipes &eacute;tudiant la g&eacute;n&eacute;tique, la g&eacute;nomique et l&#39;&eacute;cophysiologie des arbres, des arthropodes et des microorganismes. Les chercheurs travaillent &agrave; &eacute;lucider les liens entre les attributs du g&eacute;nome et la biologie des organismes.<\/p>"}],"equipe":[]},{"nom":"Axe II: \u00c9cologie des populations, des communaut\u00e9s et biologie de la conservation","description":[{"codeLangue":"fre","contenu":"<p>Cet axe vise la compr&eacute;hension de la r&eacute;partition et de la viabilit&eacute; des organismes forestiers. Il comprend l&#39;&eacute;tude leurs interactions au sein des communaut&eacute;s, notamment en fonction de la pr&eacute;dation, de la comp&eacute;tition et de la dispersion. Les &eacute;quipes &eacute;tudient ces facteurs en milieu naturel et am&eacute;nag&eacute;. Le tout en vue de conserver les populations et les communaut&eacute;s d&#39;organismes pr&eacute;sentes en territoire am&eacute;nag&eacute;.<\/p>"}],"equipe":[]},{"nom":"Axe III: Fonctionnement et dynamique des \u00e9cosyst\u00e8mes forestiers","description":[{"codeLangue":"fre","contenu":"<p>Cet axe consid&egrave;re les processus dynamiques et fonctionnels des for&ecirc;ts et vise &agrave; comprendre le r&ocirc;le des perturbations naturelles sur leur dynamique &agrave; des &eacute;chelles multiscalaires.<\/p>"}],"equipe":[]},{"nom":"Axe IV: Nouvelles approches sylvicoles et strat\u00e9gies d\u2019am\u00e9nagement durable des for\u00eats","description":[{"codeLangue":"fre","contenu":"<p>Cet axe &eacute;tablit les param&egrave;tres essentiels &agrave; une sylviculture (extensive et intensive) &agrave; l&rsquo;&eacute;chelle des peuplements ainsi qu&rsquo;&agrave; des approches innovatrices d&rsquo;am&eacute;nagement &eacute;cosyst&eacute;mique &agrave; l&rsquo;&eacute;chelle des paysages. Ces nouvelles approches sont adapt&eacute;es aux principes d&rsquo;am&eacute;nagement durable des for&ecirc;ts dans un contexte de changement climatique et sont en liens avec une utilisation des ressources non ligneuses des for&ecirc;ts.<\/p>"}],"equipe":[]}],"expertise":[{"secteursRecherche":[{"uid":"1","codeLangue":"eng","nom":"Natural Sciences and Engineering","ordre":0},{"uid":"1","codeLangue":"fre","nom":"Sciences naturelles et g\u00e9nie","ordre":0}],"continents":[{"uid":"2","codeLangue":"eng","nom":"Americas","ordre":16,"categorie":"continents"},{"uid":"2","codeLangue":"fre","nom":"Am\u00e9riques","ordre":16,"categorie":"continents"}],"pays":[{"uid":"100","codeLangue":"eng","nom":"Canada","ordre":17},{"uid":"100","codeLangue":"fre","nom":"Canada","ordre":17},{"uid":"50","codeLangue":"eng","nom":"United States","ordre":18},{"uid":"50","codeLangue":"fre","nom":"\u00c9tats-Unis","ordre":18}],"periodesChronologiques":[],"motsCles":[{"uid":"231","codeLangue":"eng","nom":"Molecular Genetics","ordre":0},{"uid":"231","codeLangue":"fre","nom":"G\u00e9n\u00e9tique mol\u00e9culaire","ordre":0},{"uid":"422","codeLangue":"fre","nom":"Processus \u00e9cologique et \u00e9cophysiologique","ordre":1},{"uid":"422","codeLangue":"eng","nom":"Ecological and Ecophysiological Processes","ordre":1},{"uid":"363","codeLangue":"eng","nom":"Morphology","ordre":2},{"uid":"363","codeLangue":"fre","nom":"Morphologie (biologie)","ordre":2},{"uid":"2182","codeLangue":"eng","nom":"Crop Production other than Forest Products","ordre":3},{"uid":"2182","codeLangue":"fre","nom":"Production v\u00e9g\u00e9tale autre que foresti\u00e8re","ordre":3},{"uid":"2260","codeLangue":"eng","nom":"Forestry Technology and Equipment","ordre":4},{"uid":"2260","codeLangue":"fre","nom":"Technologies et \u00e9quipements forestiers","ordre":4},{"uid":"1530","codeLangue":"eng","nom":"Environment Management and Protection","ordre":5},{"uid":"1530","codeLangue":"fre","nom":"Protection et gestion de l'environnement naturel et b\u00e2ti","ordre":5},{"uid":"1635","codeLangue":"fre","nom":"D\u00e9terminants sociaux et culturels de la protection des environnements","ordre":6},{"uid":"1635","codeLangue":"eng","nom":"Social and Cultural Factors of Environmental Protection","ordre":6},{"uid":"1395","codeLangue":"fre","nom":"Arpentage et am\u00e9nagement du milieu","ordre":7},{"uid":"1395","codeLangue":"eng","nom":"Surveying and Land Management","ordre":7},{"uid":"182","codeLangue":"eng","nom":"Ecosystem (Aquatic and Terrestrial)","ordre":8},{"uid":"182","codeLangue":"fre","nom":"\u00c9cosyst\u00e8me (terrestre et aquatique)","ordre":8},{"uid":"491","codeLangue":"fre","nom":"Sols et s\u00e9diments","ordre":9},{"uid":"491","codeLangue":"eng","nom":"Soil and Sediments","ordre":9},{"uid":"132","codeLangue":"fre","nom":"D\u00e9contamination des sols","ordre":10},{"uid":"132","codeLangue":"eng","nom":"Soil Decontamination","ordre":10},{"uid":"125","codeLangue":"fre","nom":"Contr\u00f4le des risques naturels","ordre":11},{"uid":"125","codeLangue":"eng","nom":"Natural Risk Control","ordre":11},{"uid":"1552","codeLangue":"eng","nom":"Environment Dynamics","ordre":12},{"uid":"1552","codeLangue":"fre","nom":"Dynamique des environnements naturels et b\u00e2tis","ordre":12},{"uid":"1571","codeLangue":"fre","nom":"Risques naturels","ordre":13},{"uid":"1571","codeLangue":"eng","nom":"Natural Risks","ordre":13},{"uid":"1569","codeLangue":"fre","nom":"Interface nature et population","ordre":14},{"uid":"1569","codeLangue":"eng","nom":"Nature-Population Relation","ordre":14},{"uid":"1417","codeLangue":"eng","nom":"Urban and Rural Planning Policies","ordre":15},{"uid":"1417","codeLangue":"fre","nom":"Politiques d'am\u00e9nagement","ordre":15}],"disciplines":[{"uid":"21","codeLangue":"eng","nom":"Biology and Related Sciences","ordre":0},{"uid":"21","codeLangue":"fre","nom":"Biologie et autres sciences connexes","ordre":0},{"uid":"56","codeLangue":"fre","nom":"G\u00e9n\u00e9tique","ordre":1},{"uid":"56","codeLangue":"eng","nom":"Genetics","ordre":1},{"uid":"54","codeLangue":"fre","nom":"Foresterie et sciences du bois","ordre":2},{"uid":"54","codeLangue":"eng","nom":"Forestry and Wood Science","ordre":2},{"uid":"64","codeLangue":"fre","nom":"G\u00e9nie forestier","ordre":3},{"uid":"64","codeLangue":"eng","nom":"Forest Engineering","ordre":3}]}],"infosSupplementaires":[{"categorie":null,"nom":"Cha\u00eene YouTube du CEF","adresse":"https:\/\/www.youtube.com\/channel\/UCP-zwfZD5eZLLjJO1n6Rrrw","datePublication":null,"exclusion":"0","selection":"0","description":[{"codeLangue":"fre","nom":null}]}],"visuels":[{"categorie":"Photo officielle","nom":null,"droitAuteur":null,"ordre":null,"url":"https:\/\/www.recherche.umontreal.ca\/visuel\/uniterech:13852.photoOfficielle","legendes":[]},{"categorie":"Portrait de l\u2019unit\u00e9","nom":"10 ans! Toujours pertinent!","droitAuteur":"\u00a9 CEF","ordre":"1","url":"https:\/\/www.youtube.com\/watch?v=n9zGr0gx1JY","legendes":[{"codeLangue":"fre","contenu":"Vid\u00e9o pr\u00e9sent\u00e9e lors du colloque annuel \u00e0 l'UQAM pour souligner le 10i\u00e8me anniversaire du CEF."}]}],"apropos":[{"uid":null,"codeLangue":"fre","contenu":"<h2><strong>Le Centre d&#39;&eacute;tude de la for&ecirc;t<\/strong><\/h2>\r\n\r\n<p>Le Centre d&rsquo;&eacute;tude de la for&ecirc;t regroupe l&rsquo;expertise scientifique de 60 chercheurs provenant de 11 universit&eacute;s qu&eacute;b&eacute;coises (Concordia, McGill, UQAC, UQAM, UQAT, UQO, UQAR, Universit&eacute; de Montr&eacute;al, Universit&eacute; de Sherbrooke, Universit&eacute; Laval et TELUQ). Ces chercheurs &oelig;uvrent dans les domaines de la biologie, de l&rsquo;&eacute;cologie et de l&rsquo;am&eacute;nagement forestier. Au Qu&eacute;bec, le Centre d&rsquo;&eacute;tude de la for&ecirc;t est unique, car c&rsquo;est le seul regroupement &agrave; avoir pour mission centrale la formation avanc&eacute;e et la recherche sur la for&ecirc;t.<\/p>\r\n\r\n<p>Le Centre d&rsquo;&eacute;tude de la for&ecirc;t compte aussi plus de 40 chercheurs associ&eacute;s provenant d&rsquo;organisations qu&eacute;b&eacute;coises, canadiennes et &eacute;trang&egrave;res. Enfin, plus de 370 &eacute;tudiants au doctorat et &agrave; la ma&icirc;trise y &eacute;voluent. Il s&#39;agit du plus grand centre dans le domaine de l&#39;&eacute;cologie foresti&egrave;re au Canada et l&#39;un des plus importants au monde.<\/p>\r\n\r\n<h3><strong>Le CEF en chiffres<\/strong><\/h3>\r\n\r\n<ul>\r\n\t<li><strong>11 universit&eacute;s<\/strong><\/li>\r\n\t<li><strong>70 chercheurs r&eacute;guliers<\/strong><\/li>\r\n\t<li><strong>42 chercheurs associ&eacute;s<\/strong><\/li>\r\n\t<li><strong>+ de 370 &eacute;tudiants gradu&eacute;s<\/strong><\/li>\r\n\t<li><strong>+ de 46 postdoctorats<\/strong><\/li>\r\n\t<li><strong>+ de 55 professionnels de recherche<\/strong><\/li>\r\n\t<li><strong>+ de 200 articles publi&eacute;s par ann&eacute;es<\/strong><\/li>\r\n\t<li><strong>+ de 13M de dollars par ann&eacute;es en subvention de recherche<\/strong><\/li>\r\n<\/ul>\r\n\r\n<p>La force du Centre d&#39;&eacute;tude de la for&ecirc;t repose sur l&#39;int&eacute;gration des savoirs scientifiques. Ainsi, il d&eacute;veloppe des strat&eacute;gies et des pratiques pour passer d&rsquo;une gestion sectorielle &agrave; une gestion &eacute;cosyst&eacute;mique des for&ecirc;ts, recommandation cl&eacute; du rapport de la&nbsp;<a href=\"http:\/\/www.commission-foret.qc.ca\/rapportfinal.htm\" target=\"_blank\">Commission d&rsquo;&eacute;tude sur la gestion de la for&ecirc;t publique qu&eacute;b&eacute;coise<\/a>&nbsp;&nbsp;(Rapport Coulombe, d&eacute;cembre 2004).<\/p>\r\n\r\n<p>Depuis le 1<sup>er<\/sup>&nbsp;juin 2010,&nbsp;<a href=\"http:\/\/www.cef-cfr.ca\/index.php?n=Membres.LouisBernier\">Louis Bernier<\/a>&nbsp;et&nbsp;<a href=\"http:\/\/www.cef-cfr.ca\/index.php?n=Membres.PierreDrapeau\">Pierre Drapeau<\/a>&nbsp;assurent la direction du CEF. Les 2 nouveaux codirecteurs succ&egrave;dent &agrave;&nbsp;<a href=\"http:\/\/www.cef-cfr.ca\/index.php?n=Membres.ChristianMessier\">Christian Messier<\/a>, nomm&eacute; directeur du CEF lors de sa cr&eacute;ation en 2006.<\/p>\r\n\r\n<h2><strong>Historique<\/strong><\/h2>\r\n\r\n<p>Le Centre d&rsquo;&eacute;tude de la for&ecirc;t a &eacute;t&eacute; form&eacute; en 2006 par la fusion du Centre de Recherche en Biologie Foresti&egrave;re (CRBF) et du Groupe de Recherche en &Eacute;cologie Foresti&egrave;re interuniversitaire (GREFi).<\/p>\r\n\r\n<h3><strong>Le CRBF en chiffres&nbsp;(2004)<\/strong><\/h3>\r\n\r\n<ul>\r\n\t<li><strong>22 chercheurs r&eacute;guliers<\/strong><\/li>\r\n\t<li><strong>11 chercheurs associ&eacute;s<\/strong><\/li>\r\n\t<li><strong>150 &eacute;tudiants gradu&eacute;s<\/strong><\/li>\r\n\t<li><strong>+ de 50 autres membres<\/strong><\/li>\r\n<\/ul>"}],"realisation":[],"publication":[],"communication":[],"adresse":[{"campus":[],"civique":[{"rue":"141 Pr\u00e9sident-Kennedy","unite":"SB-2987","ville":"Montr\u00e9al","province":"Qu\u00e9bec","codePostal":"H2X 1Y4","pays":"Canada"}]}]}]}