{"data":[{"idsadvr":"in35197","prenom":"Daniel","nom":"Jutras","in-memoriam":false,"affiliations":[{"fonction":{"codeSad":"01001","nom":"Recteur"},"uniteAdministrative":{"codeSad":"010A00","nom":"Cabinet du recteur"},"departement":{"codeSad":null,"nom":null},"faculte":{"codeSad":null,"nom":null},"courrielInstitutionnel":"daniel.jutras@umontreal.ca","telephone":{"numero":null,"poste":null},"immeuble":null,"local":null,"exclusion":"0","exclusionTel":"0"},{"fonction":{"codeSad":"42001","nom":"Professeur titulaire"},"uniteAdministrative":{"codeSad":"C000A0","nom":"Facult\u00e9 de droit"},"departement":{"codeSad":null,"nom":null},"faculte":{"codeSad":"11","nom":"Facult\u00e9 de droit"},"courrielInstitutionnel":"daniel.jutras@umontreal.ca","telephone":{"numero":null,"poste":null},"immeuble":null,"local":null,"exclusion":"0","exclusionTel":"0"}],"etablissementsAffilies":[],"visuelOfficiel":"https:\/\/www.recherche.umontreal.ca\/visuel\/personne:35197.photoOfficiellePetite","visuelOfficielGrand":"https:\/\/www.recherche.umontreal.ca\/visuel\/personne:35197.photoOfficielle","courriels":[],"telephones":[],"expertise":{"secteursRecherche":[{"uid":"20","codeLangue":"fre","nom":"Droit","ordre":"1"},{"uid":"20","codeLangue":"eng","nom":"Law","ordre":"1"}],"disciplines":[{"uid":"37","codeLangue":"fre","nom":"Droit","ordre":"1"},{"uid":"37","codeLangue":"eng","nom":"Law","ordre":"1"}],"motsCles":[{"uid":"171","nom":"Droit civil","ordre":"1","codeLangue":"fre","departement":"Direction de la Facult\u00e9 des arts et des sciences","departementCodeSAD":"0301","faculte":"Facult\u00e9 de droit","faculteCodeSAD":"11","uniteRecherche":null,"uniteRechercheIdsadvr":null},{"uid":"171","nom":"Civil Law","ordre":"1","codeLangue":"eng","departement":"Direction de la Facult\u00e9 des arts et des sciences","departementCodeSAD":"0301","faculte":"Facult\u00e9 de droit","faculteCodeSAD":"11","uniteRecherche":null,"uniteRechercheIdsadvr":null},{"uid":"2307","nom":"Droit compar\u00e9","ordre":"2","codeLangue":"fre","departement":null,"departementCodeSAD":null,"faculte":"Facult\u00e9 de droit","faculteCodeSAD":"11","uniteRecherche":null,"uniteRechercheIdsadvr":null},{"uid":"2307","nom":"Comparative law","ordre":"2","codeLangue":"eng","departement":null,"departementCodeSAD":null,"faculte":"Facult\u00e9 de droit","faculteCodeSAD":"11","uniteRecherche":null,"uniteRechercheIdsadvr":null}],"pays":[],"continents":[],"periodesChronologiques":[],"phraseCle":[]},"urlVitrine":[{"nom":"Vitrine de la recherche","url":"https:\/\/www.recherche.umontreal.ca\/nos-chercheurs\/repertoire-des-professeurs\/chercheur\/isin35197\/"},{"nom":"R\u00e9pertoire des experts \u00e0 l\u2019intention des m\u00e9dias","url":null}],"recrutementRecherche":false}]}